{"id":2505,"date":"2026-04-15T18:30:43","date_gmt":"2026-04-15T18:30:43","guid":{"rendered":"https:\/\/uenf.br\/cbb\/herbario\/?p=2505"},"modified":"2026-04-15T18:30:43","modified_gmt":"2026-04-15T18:30:43","slug":"feira-do-palacio-da-cultura-projeto-uenf-no-palacio","status":"publish","type":"post","link":"https:\/\/uenf.br\/cbb\/herbario\/feira-do-palacio-da-cultura-projeto-uenf-no-palacio\/","title":{"rendered":"Feira do Pal\u00e1cio da Cultura (Projeto UENF no Pal\u00e1cio)"},"content":{"rendered":"<p>A Feira do Pal\u00e1cio da Cultura, realizada em 15\/04\/2026, reuniu crian\u00e7as e adolescentes em uma manh\u00e3 de aprendizado e troca de conhecimentos, com a participa\u00e7\u00e3o de Karolaine Gomes e Juliana Madeira.<\/p>\n<p><img loading=\"lazy\" decoding=\"async\" class=\"alignnone size-medium wp-image-2494\" src=\"https:\/\/uenf.br\/cbb\/herbario\/files\/2026\/04\/IMG-20260415-WA0044-413x550.jpg\" alt=\"\" width=\"413\" height=\"550\" srcset=\"https:\/\/uenf.br\/cbb\/herbario\/files\/2026\/04\/IMG-20260415-WA0044-413x550.jpg 413w, https:\/\/uenf.br\/cbb\/herbario\/files\/2026\/04\/IMG-20260415-WA0044-600x800.jpg 600w, https:\/\/uenf.br\/cbb\/herbario\/files\/2026\/04\/IMG-20260415-WA0044-1152x1536.jpg 1152w, https:\/\/uenf.br\/cbb\/herbario\/files\/2026\/04\/IMG-20260415-WA0044-1536x2048.jpg 1536w, https:\/\/uenf.br\/cbb\/herbario\/files\/2026\/04\/IMG-20260415-WA0044-1200x1600.jpg 1200w, https:\/\/uenf.br\/cbb\/herbario\/files\/2026\/04\/IMG-20260415-WA0044-768x1024.jpg 768w, https:\/\/uenf.br\/cbb\/herbario\/files\/2026\/04\/IMG-20260415-WA0044-320x427.jpg 320w, https:\/\/uenf.br\/cbb\/herbario\/files\/2026\/04\/IMG-20260415-WA0044-scaled.jpg 1920w\" sizes=\"auto, (max-width: 413px) 100vw, 413px\" \/><img loading=\"lazy\" decoding=\"async\" class=\"alignnone size-medium wp-image-2495\" src=\"https:\/\/uenf.br\/cbb\/herbario\/files\/2026\/04\/IMG-20260415-WA0041-413x550.jpg\" alt=\"\" width=\"413\" height=\"550\" srcset=\"https:\/\/uenf.br\/cbb\/herbario\/files\/2026\/04\/IMG-20260415-WA0041-413x550.jpg 413w, https:\/\/uenf.br\/cbb\/herbario\/files\/2026\/04\/IMG-20260415-WA0041-600x800.jpg 600w, https:\/\/uenf.br\/cbb\/herbario\/files\/2026\/04\/IMG-20260415-WA0041-1152x1536.jpg 1152w, https:\/\/uenf.br\/cbb\/herbario\/files\/2026\/04\/IMG-20260415-WA0041-1536x2048.jpg 1536w, https:\/\/uenf.br\/cbb\/herbario\/files\/2026\/04\/IMG-20260415-WA0041-1200x1600.jpg 1200w, https:\/\/uenf.br\/cbb\/herbario\/files\/2026\/04\/IMG-20260415-WA0041-768x1024.jpg 768w, https:\/\/uenf.br\/cbb\/herbario\/files\/2026\/04\/IMG-20260415-WA0041-320x427.jpg 320w, https:\/\/uenf.br\/cbb\/herbario\/files\/2026\/04\/IMG-20260415-WA0041-scaled.jpg 1920w\" sizes=\"auto, (max-width: 413px) 100vw, 413px\" \/><img loading=\"lazy\" decoding=\"async\" class=\"alignnone size-medium wp-image-2496\" src=\"https:\/\/uenf.br\/cbb\/herbario\/files\/2026\/04\/IMG-20260415-WA0035-413x550.jpg\" alt=\"\" width=\"413\" height=\"550\" srcset=\"https:\/\/uenf.br\/cbb\/herbario\/files\/2026\/04\/IMG-20260415-WA0035-413x550.jpg 413w, https:\/\/uenf.br\/cbb\/herbario\/files\/2026\/04\/IMG-20260415-WA0035-600x800.jpg 600w, https:\/\/uenf.br\/cbb\/herbario\/files\/2026\/04\/IMG-20260415-WA0035-1152x1536.jpg 1152w, https:\/\/uenf.br\/cbb\/herbario\/files\/2026\/04\/IMG-20260415-WA0035-1536x2048.jpg 1536w, https:\/\/uenf.br\/cbb\/herbario\/files\/2026\/04\/IMG-20260415-WA0035-1200x1600.jpg 1200w, https:\/\/uenf.br\/cbb\/herbario\/files\/2026\/04\/IMG-20260415-WA0035-768x1024.jpg 768w, https:\/\/uenf.br\/cbb\/herbario\/files\/2026\/04\/IMG-20260415-WA0035-320x427.jpg 320w, https:\/\/uenf.br\/cbb\/herbario\/files\/2026\/04\/IMG-20260415-WA0035-scaled.jpg 1920w\" sizes=\"auto, (max-width: 413px) 100vw, 413px\" \/><img loading=\"lazy\" decoding=\"async\" class=\"alignnone size-medium wp-image-2497\" src=\"https:\/\/uenf.br\/cbb\/herbario\/files\/2026\/04\/20260415_102237-scaled-e1776276888549-413x550.jpg\" alt=\"\" width=\"413\" height=\"550\" srcset=\"https:\/\/uenf.br\/cbb\/herbario\/files\/2026\/04\/20260415_102237-scaled-e1776276888549-413x550.jpg 413w, https:\/\/uenf.br\/cbb\/herbario\/files\/2026\/04\/20260415_102237-scaled-e1776276888549-600x800.jpg 600w, https:\/\/uenf.br\/cbb\/herbario\/files\/2026\/04\/20260415_102237-scaled-e1776276888549-1152x1536.jpg 1152w, https:\/\/uenf.br\/cbb\/herbario\/files\/2026\/04\/20260415_102237-scaled-e1776276888549-1536x2048.jpg 1536w, https:\/\/uenf.br\/cbb\/herbario\/files\/2026\/04\/20260415_102237-scaled-e1776276888549-1200x1600.jpg 1200w, https:\/\/uenf.br\/cbb\/herbario\/files\/2026\/04\/20260415_102237-scaled-e1776276888549-768x1024.jpg 768w, https:\/\/uenf.br\/cbb\/herbario\/files\/2026\/04\/20260415_102237-scaled-e1776276888549-320x427.jpg 320w, https:\/\/uenf.br\/cbb\/herbario\/files\/2026\/04\/20260415_102237-scaled-e1776276888549.jpg 1920w\" sizes=\"auto, (max-width: 413px) 100vw, 413px\" \/><img loading=\"lazy\" decoding=\"async\" class=\"alignnone size-medium wp-image-2498\" src=\"https:\/\/uenf.br\/cbb\/herbario\/files\/2026\/04\/20260415_092639-scaled-e1776277484265-413x550.jpg\" alt=\"\" width=\"413\" height=\"550\" srcset=\"https:\/\/uenf.br\/cbb\/herbario\/files\/2026\/04\/20260415_092639-scaled-e1776277484265-413x550.jpg 413w, https:\/\/uenf.br\/cbb\/herbario\/files\/2026\/04\/20260415_092639-scaled-e1776277484265-600x800.jpg 600w, https:\/\/uenf.br\/cbb\/herbario\/files\/2026\/04\/20260415_092639-scaled-e1776277484265-1152x1536.jpg 1152w, https:\/\/uenf.br\/cbb\/herbario\/files\/2026\/04\/20260415_092639-scaled-e1776277484265-1536x2048.jpg 1536w, https:\/\/uenf.br\/cbb\/herbario\/files\/2026\/04\/20260415_092639-scaled-e1776277484265-1200x1600.jpg 1200w, https:\/\/uenf.br\/cbb\/herbario\/files\/2026\/04\/20260415_092639-scaled-e1776277484265-768x1024.jpg 768w, https:\/\/uenf.br\/cbb\/herbario\/files\/2026\/04\/20260415_092639-scaled-e1776277484265-320x427.jpg 320w, https:\/\/uenf.br\/cbb\/herbario\/files\/2026\/04\/20260415_092639-scaled-e1776277484265.jpg 1920w\" sizes=\"auto, (max-width: 413px) 100vw, 413px\" \/><img loading=\"lazy\" decoding=\"async\" class=\"alignnone size-medium wp-image-2506\" src=\"https:\/\/uenf.br\/cbb\/herbario\/files\/2026\/04\/IMG-20260415-WA0043-413x550.jpg\" alt=\"\" width=\"413\" height=\"550\" srcset=\"https:\/\/uenf.br\/cbb\/herbario\/files\/2026\/04\/IMG-20260415-WA0043-413x550.jpg 413w, https:\/\/uenf.br\/cbb\/herbario\/files\/2026\/04\/IMG-20260415-WA0043-600x800.jpg 600w, https:\/\/uenf.br\/cbb\/herbario\/files\/2026\/04\/IMG-20260415-WA0043-1152x1536.jpg 1152w, https:\/\/uenf.br\/cbb\/herbario\/files\/2026\/04\/IMG-20260415-WA0043-1536x2048.jpg 1536w, https:\/\/uenf.br\/cbb\/herbario\/files\/2026\/04\/IMG-20260415-WA0043-1200x1600.jpg 1200w, https:\/\/uenf.br\/cbb\/herbario\/files\/2026\/04\/IMG-20260415-WA0043-768x1024.jpg 768w, https:\/\/uenf.br\/cbb\/herbario\/files\/2026\/04\/IMG-20260415-WA0043-320x427.jpg 320w, https:\/\/uenf.br\/cbb\/herbario\/files\/2026\/04\/IMG-20260415-WA0043-scaled.jpg 1920w\" sizes=\"auto, (max-width: 413px) 100vw, 413px\" \/><\/p>\n","protected":false},"excerpt":{"rendered":"<p>A Feira do Pal\u00e1cio da Cultura, realizada em 15\/04\/2026, reuniu crian\u00e7as e adolescentes em uma manh\u00e3 de aprendizado e troca&#8230;<\/p>\n","protected":false},"author":14,"featured_media":0,"comment_status":"closed","ping_status":"open","sticky":false,"template":"","format":"standard","meta":{"footnotes":""},"categories":[1],"tags":[],"class_list":["post-2505","post","type-post","status-publish","format-standard","hentry","category-noticias"],"_links":{"self":[{"href":"https:\/\/uenf.br\/cbb\/herbario\/wp-json\/wp\/v2\/posts\/2505","targetHints":{"allow":["GET"]}}],"collection":[{"href":"https:\/\/uenf.br\/cbb\/herbario\/wp-json\/wp\/v2\/posts"}],"about":[{"href":"https:\/\/uenf.br\/cbb\/herbario\/wp-json\/wp\/v2\/types\/post"}],"author":[{"embeddable":true,"href":"https:\/\/uenf.br\/cbb\/herbario\/wp-json\/wp\/v2\/users\/14"}],"replies":[{"embeddable":true,"href":"https:\/\/uenf.br\/cbb\/herbario\/wp-json\/wp\/v2\/comments?post=2505"}],"version-history":[{"count":0,"href":"https:\/\/uenf.br\/cbb\/herbario\/wp-json\/wp\/v2\/posts\/2505\/revisions"}],"wp:attachment":[{"href":"https:\/\/uenf.br\/cbb\/herbario\/wp-json\/wp\/v2\/media?parent=2505"}],"wp:term":[{"taxonomy":"category","embeddable":true,"href":"https:\/\/uenf.br\/cbb\/herbario\/wp-json\/wp\/v2\/categories?post=2505"},{"taxonomy":"post_tag","embeddable":true,"href":"https:\/\/uenf.br\/cbb\/herbario\/wp-json\/wp\/v2\/tags?post=2505"}],"curies":[{"name":"wp","href":"https:\/\/api.w.org\/{rel}","templated":true}]}}