{"id":255,"date":"2011-07-12T08:43:28","date_gmt":"2011-07-12T11:43:28","guid":{"rendered":"http:\/\/uenf.br\/cch\/jornaluniversitario\/?p=255"},"modified":"2011-12-09T11:47:27","modified_gmt":"2011-12-09T13:47:27","slug":"ju-semana-de-iniciacao-cientifica-2","status":"publish","type":"post","link":"https:\/\/uenf.br\/cch\/jornaluniversitario\/ju-semana-de-iniciacao-cientifica-2\/","title":{"rendered":"UENF realiza Semana de Inicia\u00e7\u00e3o Cient\u00edfica 2011"},"content":{"rendered":"<p>UENF realiza Congresso de Inicia\u00e7\u00e3o Cient\u00edfica e Tecnol\u00f3gica<\/p>\n<p>edi\u00e7\u00e3o 02 \/ 2011<\/p>\n<p>[media id=25 width=320 height=240]<\/p>\n","protected":false},"excerpt":{"rendered":"<p>UENF realiza Congresso de Inicia\u00e7\u00e3o Cient\u00edfica e Tecnol\u00f3gica edi\u00e7\u00e3o 02 \/ 2011 [media id=25 width=320 height=240]<\/p>\n","protected":false},"author":3,"featured_media":0,"comment_status":"open","ping_status":"open","sticky":false,"template":"","format":"standard","meta":{"footnotes":""},"categories":[3],"tags":[],"class_list":["post-255","post","type-post","status-publish","format-standard","hentry","category-videos"],"_links":{"self":[{"href":"https:\/\/uenf.br\/cch\/jornaluniversitario\/wp-json\/wp\/v2\/posts\/255","targetHints":{"allow":["GET"]}}],"collection":[{"href":"https:\/\/uenf.br\/cch\/jornaluniversitario\/wp-json\/wp\/v2\/posts"}],"about":[{"href":"https:\/\/uenf.br\/cch\/jornaluniversitario\/wp-json\/wp\/v2\/types\/post"}],"author":[{"embeddable":true,"href":"https:\/\/uenf.br\/cch\/jornaluniversitario\/wp-json\/wp\/v2\/users\/3"}],"replies":[{"embeddable":true,"href":"https:\/\/uenf.br\/cch\/jornaluniversitario\/wp-json\/wp\/v2\/comments?post=255"}],"version-history":[{"count":0,"href":"https:\/\/uenf.br\/cch\/jornaluniversitario\/wp-json\/wp\/v2\/posts\/255\/revisions"}],"wp:attachment":[{"href":"https:\/\/uenf.br\/cch\/jornaluniversitario\/wp-json\/wp\/v2\/media?parent=255"}],"wp:term":[{"taxonomy":"category","embeddable":true,"href":"https:\/\/uenf.br\/cch\/jornaluniversitario\/wp-json\/wp\/v2\/categories?post=255"},{"taxonomy":"post_tag","embeddable":true,"href":"https:\/\/uenf.br\/cch\/jornaluniversitario\/wp-json\/wp\/v2\/tags?post=255"}],"curies":[{"name":"wp","href":"https:\/\/api.w.org\/{rel}","templated":true}]}}