{"id":327,"date":"2011-08-16T14:09:10","date_gmt":"2011-08-16T17:09:10","guid":{"rendered":"http:\/\/uenf.br\/cch\/jornaluniversitario\/?p=327"},"modified":"2011-12-09T11:51:41","modified_gmt":"2011-12-09T13:51:41","slug":"ju-esportes-radicais","status":"publish","type":"post","link":"https:\/\/uenf.br\/cch\/jornaluniversitario\/ju-esportes-radicais\/","title":{"rendered":"Comunidade da UENF pratica esportes radicais"},"content":{"rendered":"<p>Comunidade Acad\u00eamica pratica esportes radicais<\/p>\n<p>edi\u00e7\u00e3o 06 \/ 2011<\/p>\n<p>[media id=34 width=320 height=240]<\/p>\n","protected":false},"excerpt":{"rendered":"<p>Comunidade Acad\u00eamica pratica esportes radicais edi\u00e7\u00e3o 06 \/ 2011 [media id=34 width=320 height=240]<\/p>\n","protected":false},"author":3,"featured_media":0,"comment_status":"closed","ping_status":"open","sticky":false,"template":"","format":"standard","meta":{"footnotes":""},"categories":[3],"tags":[],"class_list":["post-327","post","type-post","status-publish","format-standard","hentry","category-videos"],"_links":{"self":[{"href":"https:\/\/uenf.br\/cch\/jornaluniversitario\/wp-json\/wp\/v2\/posts\/327","targetHints":{"allow":["GET"]}}],"collection":[{"href":"https:\/\/uenf.br\/cch\/jornaluniversitario\/wp-json\/wp\/v2\/posts"}],"about":[{"href":"https:\/\/uenf.br\/cch\/jornaluniversitario\/wp-json\/wp\/v2\/types\/post"}],"author":[{"embeddable":true,"href":"https:\/\/uenf.br\/cch\/jornaluniversitario\/wp-json\/wp\/v2\/users\/3"}],"replies":[{"embeddable":true,"href":"https:\/\/uenf.br\/cch\/jornaluniversitario\/wp-json\/wp\/v2\/comments?post=327"}],"version-history":[{"count":0,"href":"https:\/\/uenf.br\/cch\/jornaluniversitario\/wp-json\/wp\/v2\/posts\/327\/revisions"}],"wp:attachment":[{"href":"https:\/\/uenf.br\/cch\/jornaluniversitario\/wp-json\/wp\/v2\/media?parent=327"}],"wp:term":[{"taxonomy":"category","embeddable":true,"href":"https:\/\/uenf.br\/cch\/jornaluniversitario\/wp-json\/wp\/v2\/categories?post=327"},{"taxonomy":"post_tag","embeddable":true,"href":"https:\/\/uenf.br\/cch\/jornaluniversitario\/wp-json\/wp\/v2\/tags?post=327"}],"curies":[{"name":"wp","href":"https:\/\/api.w.org\/{rel}","templated":true}]}}