{"id":348,"date":"2011-08-29T15:43:25","date_gmt":"2011-08-29T18:43:25","guid":{"rendered":"http:\/\/uenf.br\/cch\/jornaluniversitario\/?p=348"},"modified":"2011-12-09T11:54:12","modified_gmt":"2011-12-09T13:54:12","slug":"ju-seminario-sobre-homofobia","status":"publish","type":"post","link":"https:\/\/uenf.br\/cch\/jornaluniversitario\/ju-seminario-sobre-homofobia\/","title":{"rendered":"UENF realiza Semin\u00e1rio sobre Homofobia"},"content":{"rendered":"<p>UENF realiza Semin\u00e1rio sobre Homofobia<\/p>\n<p>edi\u00e7\u00e3o 09 \/ 2011<\/p>\n<p>[media id=39 width=320 height=240]<\/p>\n","protected":false},"excerpt":{"rendered":"<p>UENF realiza Semin\u00e1rio sobre Homofobia edi\u00e7\u00e3o 09 \/ 2011 [media id=39 width=320 height=240]<\/p>\n","protected":false},"author":3,"featured_media":0,"comment_status":"closed","ping_status":"open","sticky":false,"template":"","format":"standard","meta":{"footnotes":""},"categories":[3],"tags":[],"class_list":["post-348","post","type-post","status-publish","format-standard","hentry","category-videos"],"_links":{"self":[{"href":"https:\/\/uenf.br\/cch\/jornaluniversitario\/wp-json\/wp\/v2\/posts\/348","targetHints":{"allow":["GET"]}}],"collection":[{"href":"https:\/\/uenf.br\/cch\/jornaluniversitario\/wp-json\/wp\/v2\/posts"}],"about":[{"href":"https:\/\/uenf.br\/cch\/jornaluniversitario\/wp-json\/wp\/v2\/types\/post"}],"author":[{"embeddable":true,"href":"https:\/\/uenf.br\/cch\/jornaluniversitario\/wp-json\/wp\/v2\/users\/3"}],"replies":[{"embeddable":true,"href":"https:\/\/uenf.br\/cch\/jornaluniversitario\/wp-json\/wp\/v2\/comments?post=348"}],"version-history":[{"count":0,"href":"https:\/\/uenf.br\/cch\/jornaluniversitario\/wp-json\/wp\/v2\/posts\/348\/revisions"}],"wp:attachment":[{"href":"https:\/\/uenf.br\/cch\/jornaluniversitario\/wp-json\/wp\/v2\/media?parent=348"}],"wp:term":[{"taxonomy":"category","embeddable":true,"href":"https:\/\/uenf.br\/cch\/jornaluniversitario\/wp-json\/wp\/v2\/categories?post=348"},{"taxonomy":"post_tag","embeddable":true,"href":"https:\/\/uenf.br\/cch\/jornaluniversitario\/wp-json\/wp\/v2\/tags?post=348"}],"curies":[{"name":"wp","href":"https:\/\/api.w.org\/{rel}","templated":true}]}}