{"id":358,"date":"2011-09-04T17:20:12","date_gmt":"2011-09-04T20:20:12","guid":{"rendered":"http:\/\/uenf.br\/cch\/jornaluniversitario\/?p=358"},"modified":"2011-12-09T11:54:38","modified_gmt":"2011-12-09T13:54:38","slug":"ju-frei-veloso-2","status":"publish","type":"post","link":"https:\/\/uenf.br\/cch\/jornaluniversitario\/ju-frei-veloso-2\/","title":{"rendered":"UENF participa do Semin\u00e1rio Frei Veloso"},"content":{"rendered":"<p>UENF realiza Semin\u00e1rio Internacional sobre Frei Veloso<\/p>\n<p>edi\u00e7\u00e3o 10 \/ 2011<\/p>\n<p>[media id=41 width=320 height=240]<\/p>\n","protected":false},"excerpt":{"rendered":"<p>UENF realiza Semin\u00e1rio Internacional sobre Frei Veloso edi\u00e7\u00e3o 10 \/ 2011 [media id=41 width=320 height=240]<\/p>\n","protected":false},"author":3,"featured_media":0,"comment_status":"closed","ping_status":"open","sticky":false,"template":"","format":"standard","meta":{"footnotes":""},"categories":[3],"tags":[],"class_list":["post-358","post","type-post","status-publish","format-standard","hentry","category-videos"],"_links":{"self":[{"href":"https:\/\/uenf.br\/cch\/jornaluniversitario\/wp-json\/wp\/v2\/posts\/358","targetHints":{"allow":["GET"]}}],"collection":[{"href":"https:\/\/uenf.br\/cch\/jornaluniversitario\/wp-json\/wp\/v2\/posts"}],"about":[{"href":"https:\/\/uenf.br\/cch\/jornaluniversitario\/wp-json\/wp\/v2\/types\/post"}],"author":[{"embeddable":true,"href":"https:\/\/uenf.br\/cch\/jornaluniversitario\/wp-json\/wp\/v2\/users\/3"}],"replies":[{"embeddable":true,"href":"https:\/\/uenf.br\/cch\/jornaluniversitario\/wp-json\/wp\/v2\/comments?post=358"}],"version-history":[{"count":0,"href":"https:\/\/uenf.br\/cch\/jornaluniversitario\/wp-json\/wp\/v2\/posts\/358\/revisions"}],"wp:attachment":[{"href":"https:\/\/uenf.br\/cch\/jornaluniversitario\/wp-json\/wp\/v2\/media?parent=358"}],"wp:term":[{"taxonomy":"category","embeddable":true,"href":"https:\/\/uenf.br\/cch\/jornaluniversitario\/wp-json\/wp\/v2\/categories?post=358"},{"taxonomy":"post_tag","embeddable":true,"href":"https:\/\/uenf.br\/cch\/jornaluniversitario\/wp-json\/wp\/v2\/tags?post=358"}],"curies":[{"name":"wp","href":"https:\/\/api.w.org\/{rel}","templated":true}]}}