{"id":366,"date":"2011-09-19T11:54:44","date_gmt":"2011-09-19T14:54:44","guid":{"rendered":"http:\/\/uenf.br\/cch\/jornaluniversitario\/?p=366"},"modified":"2011-12-09T11:55:49","modified_gmt":"2011-12-09T13:55:49","slug":"ju-plantas","status":"publish","type":"post","link":"https:\/\/uenf.br\/cch\/jornaluniversitario\/ju-plantas\/","title":{"rendered":"UENF estuda o reflorestamento regional"},"content":{"rendered":"<p>UENF inicia o reflorestamento da regi\u00e3o Centro Norte do Estado do Rio de Janeiro<\/p>\n<p>edi\u00e7\u00e3o 12 \/ 2011<\/p>\n<p>[media id=43 width=320 height=240]<\/p>\n","protected":false},"excerpt":{"rendered":"<p>UENF inicia o reflorestamento da regi\u00e3o Centro Norte do Estado do Rio de Janeiro edi\u00e7\u00e3o 12 \/ 2011 [media id=43&#8230;<\/p>\n","protected":false},"author":3,"featured_media":0,"comment_status":"closed","ping_status":"open","sticky":false,"template":"","format":"standard","meta":{"footnotes":""},"categories":[3],"tags":[],"class_list":["post-366","post","type-post","status-publish","format-standard","hentry","category-videos"],"_links":{"self":[{"href":"https:\/\/uenf.br\/cch\/jornaluniversitario\/wp-json\/wp\/v2\/posts\/366","targetHints":{"allow":["GET"]}}],"collection":[{"href":"https:\/\/uenf.br\/cch\/jornaluniversitario\/wp-json\/wp\/v2\/posts"}],"about":[{"href":"https:\/\/uenf.br\/cch\/jornaluniversitario\/wp-json\/wp\/v2\/types\/post"}],"author":[{"embeddable":true,"href":"https:\/\/uenf.br\/cch\/jornaluniversitario\/wp-json\/wp\/v2\/users\/3"}],"replies":[{"embeddable":true,"href":"https:\/\/uenf.br\/cch\/jornaluniversitario\/wp-json\/wp\/v2\/comments?post=366"}],"version-history":[{"count":0,"href":"https:\/\/uenf.br\/cch\/jornaluniversitario\/wp-json\/wp\/v2\/posts\/366\/revisions"}],"wp:attachment":[{"href":"https:\/\/uenf.br\/cch\/jornaluniversitario\/wp-json\/wp\/v2\/media?parent=366"}],"wp:term":[{"taxonomy":"category","embeddable":true,"href":"https:\/\/uenf.br\/cch\/jornaluniversitario\/wp-json\/wp\/v2\/categories?post=366"},{"taxonomy":"post_tag","embeddable":true,"href":"https:\/\/uenf.br\/cch\/jornaluniversitario\/wp-json\/wp\/v2\/tags?post=366"}],"curies":[{"name":"wp","href":"https:\/\/api.w.org\/{rel}","templated":true}]}}