{"id":370,"date":"2011-09-30T08:47:45","date_gmt":"2011-09-30T11:47:45","guid":{"rendered":"http:\/\/uenf.br\/cch\/jornaluniversitario\/?p=370"},"modified":"2011-12-09T11:56:34","modified_gmt":"2011-12-09T13:56:34","slug":"ju-feijao-ii","status":"publish","type":"post","link":"https:\/\/uenf.br\/cch\/jornaluniversitario\/ju-feijao-ii\/","title":{"rendered":"UENF desenvolve nova cultivar de feij\u00e3o"},"content":{"rendered":"<p>UENF DESENVOLVE UMA NOVA VARIEDADE DE FEIJ\u00c3O<\/p>\n<p>edi\u00e7\u00e3o 13 \/ 2011<\/p>\n<p>\u00a0[media id=42 width=320 height=240]<\/p>\n","protected":false},"excerpt":{"rendered":"<p>UENF DESENVOLVE UMA NOVA VARIEDADE DE FEIJ\u00c3O edi\u00e7\u00e3o 13 \/ 2011 \u00a0[media id=42 width=320 height=240]<\/p>\n","protected":false},"author":3,"featured_media":0,"comment_status":"closed","ping_status":"open","sticky":false,"template":"","format":"standard","meta":{"footnotes":""},"categories":[3],"tags":[],"class_list":["post-370","post","type-post","status-publish","format-standard","hentry","category-videos"],"_links":{"self":[{"href":"https:\/\/uenf.br\/cch\/jornaluniversitario\/wp-json\/wp\/v2\/posts\/370","targetHints":{"allow":["GET"]}}],"collection":[{"href":"https:\/\/uenf.br\/cch\/jornaluniversitario\/wp-json\/wp\/v2\/posts"}],"about":[{"href":"https:\/\/uenf.br\/cch\/jornaluniversitario\/wp-json\/wp\/v2\/types\/post"}],"author":[{"embeddable":true,"href":"https:\/\/uenf.br\/cch\/jornaluniversitario\/wp-json\/wp\/v2\/users\/3"}],"replies":[{"embeddable":true,"href":"https:\/\/uenf.br\/cch\/jornaluniversitario\/wp-json\/wp\/v2\/comments?post=370"}],"version-history":[{"count":0,"href":"https:\/\/uenf.br\/cch\/jornaluniversitario\/wp-json\/wp\/v2\/posts\/370\/revisions"}],"wp:attachment":[{"href":"https:\/\/uenf.br\/cch\/jornaluniversitario\/wp-json\/wp\/v2\/media?parent=370"}],"wp:term":[{"taxonomy":"category","embeddable":true,"href":"https:\/\/uenf.br\/cch\/jornaluniversitario\/wp-json\/wp\/v2\/categories?post=370"},{"taxonomy":"post_tag","embeddable":true,"href":"https:\/\/uenf.br\/cch\/jornaluniversitario\/wp-json\/wp\/v2\/tags?post=370"}],"curies":[{"name":"wp","href":"https:\/\/api.w.org\/{rel}","templated":true}]}}