{"id":382,"date":"2011-11-18T14:26:48","date_gmt":"2011-11-18T16:26:48","guid":{"rendered":"http:\/\/uenf.br\/cch\/jornaluniversitario\/?p=382"},"modified":"2011-12-09T12:00:08","modified_gmt":"2011-12-09T14:00:08","slug":"ju-manifesto-do-rio","status":"publish","type":"post","link":"https:\/\/uenf.br\/cch\/jornaluniversitario\/ju-manifesto-do-rio\/","title":{"rendered":"UENF participa do Manifesto do Rio"},"content":{"rendered":"<p>UENF PARTICIPA DE MOBILIZA\u00c7\u00c3O EM FAVOR DOS ROYALTIES DO PETR\u00d3LEO<\/p>\n<p>edi\u00e7\u00e3o 16 \/ 2011<\/p>\n<p>[media id=48 width=320 height=240]<\/p>\n","protected":false},"excerpt":{"rendered":"<p>UENF PARTICIPA DE MOBILIZA\u00c7\u00c3O EM FAVOR DOS ROYALTIES DO PETR\u00d3LEO edi\u00e7\u00e3o 16 \/ 2011 [media id=48 width=320 height=240]<\/p>\n","protected":false},"author":3,"featured_media":0,"comment_status":"closed","ping_status":"open","sticky":false,"template":"","format":"standard","meta":{"footnotes":""},"categories":[3],"tags":[],"class_list":["post-382","post","type-post","status-publish","format-standard","hentry","category-videos"],"_links":{"self":[{"href":"https:\/\/uenf.br\/cch\/jornaluniversitario\/wp-json\/wp\/v2\/posts\/382","targetHints":{"allow":["GET"]}}],"collection":[{"href":"https:\/\/uenf.br\/cch\/jornaluniversitario\/wp-json\/wp\/v2\/posts"}],"about":[{"href":"https:\/\/uenf.br\/cch\/jornaluniversitario\/wp-json\/wp\/v2\/types\/post"}],"author":[{"embeddable":true,"href":"https:\/\/uenf.br\/cch\/jornaluniversitario\/wp-json\/wp\/v2\/users\/3"}],"replies":[{"embeddable":true,"href":"https:\/\/uenf.br\/cch\/jornaluniversitario\/wp-json\/wp\/v2\/comments?post=382"}],"version-history":[{"count":0,"href":"https:\/\/uenf.br\/cch\/jornaluniversitario\/wp-json\/wp\/v2\/posts\/382\/revisions"}],"wp:attachment":[{"href":"https:\/\/uenf.br\/cch\/jornaluniversitario\/wp-json\/wp\/v2\/media?parent=382"}],"wp:term":[{"taxonomy":"category","embeddable":true,"href":"https:\/\/uenf.br\/cch\/jornaluniversitario\/wp-json\/wp\/v2\/categories?post=382"},{"taxonomy":"post_tag","embeddable":true,"href":"https:\/\/uenf.br\/cch\/jornaluniversitario\/wp-json\/wp\/v2\/tags?post=382"}],"curies":[{"name":"wp","href":"https:\/\/api.w.org\/{rel}","templated":true}]}}