{"id":541,"date":"2012-12-05T08:27:38","date_gmt":"2012-12-05T10:27:38","guid":{"rendered":"http:\/\/uenf.br\/cch\/jornaluniversitario\/?p=541"},"modified":"2015-07-21T10:55:59","modified_gmt":"2015-07-21T13:55:59","slug":"semana-nacional-de-ciencia-e-tecnologia","status":"publish","type":"post","link":"https:\/\/uenf.br\/cch\/jornaluniversitario\/semana-nacional-de-ciencia-e-tecnologia\/","title":{"rendered":"Semana Nacional de Ci\u00eancia e Tecnologia"},"content":{"rendered":"<p>UENF participa da programa\u00e7\u00e3o da Semana Nacional de Ci\u00eancia e Tecnologia<\/p>\n<p>[media id=62 width=320 height=240]<\/p>\n<p>&nbsp;<\/p>\n<p>&nbsp;<\/p>\n<p>&nbsp;<\/p>\n","protected":false},"excerpt":{"rendered":"<p>UENF participa da programa\u00e7\u00e3o da Semana Nacional de Ci\u00eancia e Tecnologia [media id=62 width=320 height=240] &nbsp; &nbsp; &nbsp;<\/p>\n","protected":false},"author":3,"featured_media":0,"comment_status":"closed","ping_status":"open","sticky":false,"template":"","format":"standard","meta":{"footnotes":""},"categories":[3],"tags":[],"class_list":["post-541","post","type-post","status-publish","format-standard","hentry","category-videos"],"_links":{"self":[{"href":"https:\/\/uenf.br\/cch\/jornaluniversitario\/wp-json\/wp\/v2\/posts\/541","targetHints":{"allow":["GET"]}}],"collection":[{"href":"https:\/\/uenf.br\/cch\/jornaluniversitario\/wp-json\/wp\/v2\/posts"}],"about":[{"href":"https:\/\/uenf.br\/cch\/jornaluniversitario\/wp-json\/wp\/v2\/types\/post"}],"author":[{"embeddable":true,"href":"https:\/\/uenf.br\/cch\/jornaluniversitario\/wp-json\/wp\/v2\/users\/3"}],"replies":[{"embeddable":true,"href":"https:\/\/uenf.br\/cch\/jornaluniversitario\/wp-json\/wp\/v2\/comments?post=541"}],"version-history":[{"count":0,"href":"https:\/\/uenf.br\/cch\/jornaluniversitario\/wp-json\/wp\/v2\/posts\/541\/revisions"}],"wp:attachment":[{"href":"https:\/\/uenf.br\/cch\/jornaluniversitario\/wp-json\/wp\/v2\/media?parent=541"}],"wp:term":[{"taxonomy":"category","embeddable":true,"href":"https:\/\/uenf.br\/cch\/jornaluniversitario\/wp-json\/wp\/v2\/categories?post=541"},{"taxonomy":"post_tag","embeddable":true,"href":"https:\/\/uenf.br\/cch\/jornaluniversitario\/wp-json\/wp\/v2\/tags?post=541"}],"curies":[{"name":"wp","href":"https:\/\/api.w.org\/{rel}","templated":true}]}}