{"id":636,"date":"2015-11-17T11:29:58","date_gmt":"2015-11-17T13:29:58","guid":{"rendered":"http:\/\/uenf.br\/cch\/jornaluniversitario\/?p=636"},"modified":"2015-11-17T11:29:58","modified_gmt":"2015-11-17T13:29:58","slug":"ju-semana-nacional-de-ciencia-e-tecnologia","status":"publish","type":"post","link":"https:\/\/uenf.br\/cch\/jornaluniversitario\/ju-semana-nacional-de-ciencia-e-tecnologia\/","title":{"rendered":"JU SEMANA NACIONAL DE CI\u00caNCIA E TECNOLOGIA"},"content":{"rendered":"<p>UENF participa da programa\u00e7\u00e3o da Semana Nacional de Ci\u00eancia e Tecnologia<\/p>\n<div style=\"width: 720px;\" class=\"wp-video\"><video class=\"wp-video-shortcode\" id=\"video-636-1\" width=\"720\" height=\"480\" preload=\"metadata\" controls=\"controls\"><source type=\"video\/x-flv\" src=\"https:\/\/uenf.br\/cch\/jornaluniversitario\/files\/2015\/11\/JU-SEMANA-NACIONAL-DE-CIENCIA-20151.flv?_=1\" \/><a href=\"https:\/\/uenf.br\/cch\/jornaluniversitario\/files\/2015\/11\/JU-SEMANA-NACIONAL-DE-CIENCIA-20151.flv\">https:\/\/uenf.br\/cch\/jornaluniversitario\/files\/2015\/11\/JU-SEMANA-NACIONAL-DE-CIENCIA-20151.flv<\/a><\/video><\/div>\n","protected":false},"excerpt":{"rendered":"<p>UENF participa da programa\u00e7\u00e3o da Semana Nacional de Ci\u00eancia e Tecnologia<\/p>\n","protected":false},"author":22,"featured_media":0,"comment_status":"closed","ping_status":"open","sticky":false,"template":"","format":"standard","meta":{"footnotes":""},"categories":[3],"tags":[],"class_list":["post-636","post","type-post","status-publish","format-standard","hentry","category-videos"],"_links":{"self":[{"href":"https:\/\/uenf.br\/cch\/jornaluniversitario\/wp-json\/wp\/v2\/posts\/636","targetHints":{"allow":["GET"]}}],"collection":[{"href":"https:\/\/uenf.br\/cch\/jornaluniversitario\/wp-json\/wp\/v2\/posts"}],"about":[{"href":"https:\/\/uenf.br\/cch\/jornaluniversitario\/wp-json\/wp\/v2\/types\/post"}],"author":[{"embeddable":true,"href":"https:\/\/uenf.br\/cch\/jornaluniversitario\/wp-json\/wp\/v2\/users\/22"}],"replies":[{"embeddable":true,"href":"https:\/\/uenf.br\/cch\/jornaluniversitario\/wp-json\/wp\/v2\/comments?post=636"}],"version-history":[{"count":0,"href":"https:\/\/uenf.br\/cch\/jornaluniversitario\/wp-json\/wp\/v2\/posts\/636\/revisions"}],"wp:attachment":[{"href":"https:\/\/uenf.br\/cch\/jornaluniversitario\/wp-json\/wp\/v2\/media?parent=636"}],"wp:term":[{"taxonomy":"category","embeddable":true,"href":"https:\/\/uenf.br\/cch\/jornaluniversitario\/wp-json\/wp\/v2\/categories?post=636"},{"taxonomy":"post_tag","embeddable":true,"href":"https:\/\/uenf.br\/cch\/jornaluniversitario\/wp-json\/wp\/v2\/tags?post=636"}],"curies":[{"name":"wp","href":"https:\/\/api.w.org\/{rel}","templated":true}]}}