{"id":1255,"date":"2013-04-29T13:01:29","date_gmt":"2013-04-29T13:01:29","guid":{"rendered":"http:\/\/uenf.br\/cct\/lenep\/?p=1255"},"modified":"2013-04-29T13:01:29","modified_gmt":"2013-04-29T13:01:29","slug":"calendario-academico-2013-primeiro-semestre","status":"publish","type":"post","link":"https:\/\/uenf.br\/cct\/lenep\/calendario-academico-2013-primeiro-semestre\/","title":{"rendered":"Calend\u00e1rio Acad\u00eamico 2013 &#8211; primeiro semestre"},"content":{"rendered":"<p>A UENF divulga os calend\u00e1rios acad\u00eamicos do primeiro semestre letivo de 2013 para a gradua\u00e7\u00e3o e a p\u00f3s-gradua\u00e7\u00e3o. Os calend\u00e1rios foram aprovados pelas C\u00e2maras de Gradua\u00e7\u00e3o e P\u00f3s-Gradua\u00e7\u00e3o e finalmente pelo Colegiado Acad\u00eamico. As aulas come\u00e7am em 06\/05\/13 e terminam em 31\/08\/13.<\/p>\n<p>Em virtude de interrup\u00e7\u00f5es por greve, o ano letivo de 2012 termina em 06\/04\/13.<\/p>\n<p><a href=\"http:\/\/www.uenf.br\/portal\/images\/Calend%C3%A1rios\/2013\/GRADUACAO%20-%20CALENDARIO%20PRIMEIRO%20SEMESTRE%202013.pdf\">Consulte o calend\u00e1rio da gradua\u00e7\u00e3o 2013\/1.<\/a><\/p>\n<p><a href=\"http:\/\/www.uenf.br\/portal\/images\/Calend%C3%A1rios\/2013\/Calendario%20da%20Pos-Graduacao%20do%201o%20Semestre%20de%202013.pdf\">Consulte o calend\u00e1rio da p\u00f3s-gradua\u00e7\u00e3o 2013\/1.<\/a><\/p>\n","protected":false},"excerpt":{"rendered":"<p>A UENF divulga os calend\u00e1rios acad\u00eamicos do primeiro semestre letivo de 2013 para a gradua\u00e7\u00e3o e a p\u00f3s-gradua\u00e7\u00e3o. Os calend\u00e1rios&#8230;<\/p>\n","protected":false},"author":2,"featured_media":0,"comment_status":"closed","ping_status":"open","sticky":false,"template":"","format":"standard","meta":{"footnotes":""},"categories":[1],"tags":[],"class_list":["post-1255","post","type-post","status-publish","format-standard","hentry","category-noticias"],"_links":{"self":[{"href":"https:\/\/uenf.br\/cct\/lenep\/wp-json\/wp\/v2\/posts\/1255","targetHints":{"allow":["GET"]}}],"collection":[{"href":"https:\/\/uenf.br\/cct\/lenep\/wp-json\/wp\/v2\/posts"}],"about":[{"href":"https:\/\/uenf.br\/cct\/lenep\/wp-json\/wp\/v2\/types\/post"}],"author":[{"embeddable":true,"href":"https:\/\/uenf.br\/cct\/lenep\/wp-json\/wp\/v2\/users\/2"}],"replies":[{"embeddable":true,"href":"https:\/\/uenf.br\/cct\/lenep\/wp-json\/wp\/v2\/comments?post=1255"}],"version-history":[{"count":0,"href":"https:\/\/uenf.br\/cct\/lenep\/wp-json\/wp\/v2\/posts\/1255\/revisions"}],"wp:attachment":[{"href":"https:\/\/uenf.br\/cct\/lenep\/wp-json\/wp\/v2\/media?parent=1255"}],"wp:term":[{"taxonomy":"category","embeddable":true,"href":"https:\/\/uenf.br\/cct\/lenep\/wp-json\/wp\/v2\/categories?post=1255"},{"taxonomy":"post_tag","embeddable":true,"href":"https:\/\/uenf.br\/cct\/lenep\/wp-json\/wp\/v2\/tags?post=1255"}],"curies":[{"name":"wp","href":"https:\/\/api.w.org\/{rel}","templated":true}]}}